{"id":536,"date":"2015-10-12T12:38:15","date_gmt":"2015-10-12T11:38:15","guid":{"rendered":"http:\/\/www.ecole-henri-matisse-damgan.fr\/site\/?p=536"},"modified":"2015-10-12T12:38:15","modified_gmt":"2015-10-12T11:38:15","slug":"resultat-elections-representants-parents-deleves-aux-conseils-des-ecoles","status":"publish","type":"post","link":"https:\/\/www.ecole-henri-matisse-damgan.fr\/site\/resultat-elections-representants-parents-deleves-aux-conseils-des-ecoles\/","title":{"rendered":"R\u00e9sultat \u00e9lections r\u00e9pr\u00e9sentants parents d&rsquo;\u00e9l\u00e8ves aux conseils des \u00e9coles"},"content":{"rendered":"<p>Suite au vote de vendredi, les r\u00e9sultats ont \u00e9t\u00e9 affich\u00e9s \u00e0 l&rsquo;entr\u00e9e de l&rsquo;\u00e9cole.<\/p>\n<p>Sont \u00e9lus:<\/p>\n<p>TITULAIRES<\/p>\n<ul>\n<li>Cycle 3 : S\u00e9bastien TASTART<\/li>\n<li>Cycle 2 :\u00a0Karine STRAGIER<\/li>\n<li>Cycle 1 : Virginie CHABOCHE<\/li>\n<\/ul>\n<p>SUPPLEANTS<\/p>\n<ul>\n<li>Cycle 3 :\u00a0Sharon READ<\/li>\n<li>Cycle 2 :\u00a0Patricia CAUDRON<\/li>\n<li>Cycle 1 :\u00a0Ga\u00eblle GUINARD<\/li>\n<\/ul>\n<p>Ce serait peut-\u00eatre int\u00e9ressant d&rsquo;avoir un moyen de\u00a0contacter ces \u00e9lus, s&rsquo;ils le souhaitent on peut cr\u00e9er des adresses sur le domaine\u00a0ecole-henri-matisse-damgan.fr<\/p>\n<p><a href=\"http:\/\/www.ecole-henri-matisse-damgan.fr\/site\/wp-content\/uploads\/2015\/10\/21881824719_93018e88dd_z.jpg\"><img loading=\"lazy\" decoding=\"async\" class=\"alignnone size-full wp-image-537\" src=\"http:\/\/www.ecole-henri-matisse-damgan.fr\/site\/wp-content\/uploads\/2015\/10\/21881824719_93018e88dd_z.jpg\" alt=\"21881824719_93018e88dd_z\" width=\"474\" height=\"640\" srcset=\"https:\/\/www.ecole-henri-matisse-damgan.fr\/site\/wp-content\/uploads\/2015\/10\/21881824719_93018e88dd_z.jpg 474w, https:\/\/www.ecole-henri-matisse-damgan.fr\/site\/wp-content\/uploads\/2015\/10\/21881824719_93018e88dd_z-222x300.jpg 222w\" sizes=\"auto, (max-width: 474px) 100vw, 474px\" \/><\/a><\/p>\n<p>&nbsp;<\/p>\n<p>&nbsp;<\/p>\n","protected":false},"excerpt":{"rendered":"<p>Suite au vote de vendredi, les r\u00e9sultats ont \u00e9t\u00e9 affich\u00e9s \u00e0 l&rsquo;entr\u00e9e de l&rsquo;\u00e9cole. Sont \u00e9lus: TITULAIRES Cycle 3 : S\u00e9bastien TASTART Cycle 2 :\u00a0Karine STRAGIER Cycle 1 : Virginie CHABOCHE SUPPLEANTS Cycle 3 :\u00a0Sharon READ Cycle 2 :\u00a0Patricia CAUDRON Cycle 1 :\u00a0Ga\u00eblle GUINARD Ce serait peut-\u00eatre int\u00e9ressant d&rsquo;avoir un moyen de\u00a0contacter ces \u00e9lus, s&rsquo;ils &#8230; <a title=\"R\u00e9sultat \u00e9lections r\u00e9pr\u00e9sentants parents d&rsquo;\u00e9l\u00e8ves aux conseils des \u00e9coles\" class=\"read-more\" href=\"https:\/\/www.ecole-henri-matisse-damgan.fr\/site\/resultat-elections-representants-parents-deleves-aux-conseils-des-ecoles\/\" aria-label=\"En savoir plus sur R\u00e9sultat \u00e9lections r\u00e9pr\u00e9sentants parents d&rsquo;\u00e9l\u00e8ves aux conseils des \u00e9coles\">Lire la suite<\/a><\/p>\n","protected":false},"author":1,"featured_media":0,"comment_status":"open","ping_status":"open","sticky":false,"template":"","format":"standard","meta":{"jetpack_post_was_ever_published":false,"_jetpack_newsletter_access":"","_jetpack_dont_email_post_to_subs":false,"_jetpack_newsletter_tier_id":0,"_jetpack_memberships_contains_paywalled_content":false,"_jetpack_memberships_contains_paid_content":false,"footnotes":"","jetpack_publicize_message":"","jetpack_publicize_feature_enabled":true,"jetpack_social_post_already_shared":true,"jetpack_social_options":{"image_generator_settings":{"template":"highway","enabled":false},"version":2}},"categories":[9],"tags":[],"class_list":["post-536","post","type-post","status-publish","format-standard","hentry","category-infos-generales"],"jetpack_publicize_connections":[],"jetpack_featured_media_url":"","jetpack_shortlink":"https:\/\/wp.me\/p51MjH-8E","jetpack_sharing_enabled":true,"_links":{"self":[{"href":"https:\/\/www.ecole-henri-matisse-damgan.fr\/site\/wp-json\/wp\/v2\/posts\/536","targetHints":{"allow":["GET"]}}],"collection":[{"href":"https:\/\/www.ecole-henri-matisse-damgan.fr\/site\/wp-json\/wp\/v2\/posts"}],"about":[{"href":"https:\/\/www.ecole-henri-matisse-damgan.fr\/site\/wp-json\/wp\/v2\/types\/post"}],"author":[{"embeddable":true,"href":"https:\/\/www.ecole-henri-matisse-damgan.fr\/site\/wp-json\/wp\/v2\/users\/1"}],"replies":[{"embeddable":true,"href":"https:\/\/www.ecole-henri-matisse-damgan.fr\/site\/wp-json\/wp\/v2\/comments?post=536"}],"version-history":[{"count":1,"href":"https:\/\/www.ecole-henri-matisse-damgan.fr\/site\/wp-json\/wp\/v2\/posts\/536\/revisions"}],"predecessor-version":[{"id":538,"href":"https:\/\/www.ecole-henri-matisse-damgan.fr\/site\/wp-json\/wp\/v2\/posts\/536\/revisions\/538"}],"wp:attachment":[{"href":"https:\/\/www.ecole-henri-matisse-damgan.fr\/site\/wp-json\/wp\/v2\/media?parent=536"}],"wp:term":[{"taxonomy":"category","embeddable":true,"href":"https:\/\/www.ecole-henri-matisse-damgan.fr\/site\/wp-json\/wp\/v2\/categories?post=536"},{"taxonomy":"post_tag","embeddable":true,"href":"https:\/\/www.ecole-henri-matisse-damgan.fr\/site\/wp-json\/wp\/v2\/tags?post=536"}],"curies":[{"name":"wp","href":"https:\/\/api.w.org\/{rel}","templated":true}]}}