{"id":644,"date":"2016-03-21T10:53:57","date_gmt":"2016-03-21T09:53:57","guid":{"rendered":"http:\/\/www.ecole-henri-matisse-damgan.fr\/site\/?p=644"},"modified":"2016-03-21T10:53:57","modified_gmt":"2016-03-21T09:53:57","slug":"retours-sur-la-visite-de-monsieur-le-depute-herve-pellois","status":"publish","type":"post","link":"https:\/\/www.ecole-henri-matisse-damgan.fr\/site\/retours-sur-la-visite-de-monsieur-le-depute-herve-pellois\/","title":{"rendered":"Retours sur la visite de Monsieur le D\u00e9put\u00e9 Herv\u00e9 Pellois"},"content":{"rendered":"<p>Ci-dessous un article paru dans Ouest France (d\u00e9sol\u00e9 pour la m\u00e9diocrit\u00e9 de la photo).<\/p>\n<p>Notre d\u00e9put\u00e9 se dit sensible \u00e0 la qualit\u00e9 de notre type d&rsquo;\u00e9cole, c&rsquo;est toujours bon d&rsquo;enregistrer un soutien suppl\u00e9mentaire dans un contexte d&rsquo;inqui\u00e9tude constante pour le maintien des effectifs.<\/p>\n<p><a href=\"http:\/\/www.ecole-henri-matisse-damgan.fr\/site\/wp-content\/uploads\/2016\/03\/25655242610_657408dc76_o.jpg\"><img loading=\"lazy\" decoding=\"async\" class=\"alignnone size-full wp-image-646\" src=\"http:\/\/www.ecole-henri-matisse-damgan.fr\/site\/wp-content\/uploads\/2016\/03\/25655242610_657408dc76_o.jpg\" alt=\"25655242610_657408dc76_o\" width=\"800\" height=\"530\" srcset=\"https:\/\/www.ecole-henri-matisse-damgan.fr\/site\/wp-content\/uploads\/2016\/03\/25655242610_657408dc76_o.jpg 800w, https:\/\/www.ecole-henri-matisse-damgan.fr\/site\/wp-content\/uploads\/2016\/03\/25655242610_657408dc76_o-300x199.jpg 300w\" sizes=\"auto, (max-width: 800px) 100vw, 800px\" \/><\/a><\/p>\n<p>La communication d&rsquo;Herv\u00e9 Pellois en a \u00e9galement rendu compte sur son <a href=\"http:\/\/www.hervepellois.fr\/index.php?start=3\">blog<\/a> et sur les r\u00e9seaux sociaux tels que sa page <a href=\"https:\/\/www.facebook.com\/photo.php?fbid=10204390767368826&amp;set=a.10200107302124872.1073741826.1819804432&amp;type=3\">facebook<\/a>.<\/p>\n<p><a href=\"http:\/\/www.ecole-henri-matisse-damgan.fr\/site\/wp-content\/uploads\/2016\/03\/Screenshot-2016-03-21-10.39.57.png\"><img loading=\"lazy\" decoding=\"async\" class=\"alignnone size-full wp-image-645\" src=\"http:\/\/www.ecole-henri-matisse-damgan.fr\/site\/wp-content\/uploads\/2016\/03\/Screenshot-2016-03-21-10.39.57.png\" alt=\"Screenshot 2016-03-21 10.39.57\" width=\"530\" height=\"628\" srcset=\"https:\/\/www.ecole-henri-matisse-damgan.fr\/site\/wp-content\/uploads\/2016\/03\/Screenshot-2016-03-21-10.39.57.png 530w, https:\/\/www.ecole-henri-matisse-damgan.fr\/site\/wp-content\/uploads\/2016\/03\/Screenshot-2016-03-21-10.39.57-253x300.png 253w\" sizes=\"auto, (max-width: 530px) 100vw, 530px\" \/><\/a><\/p>\n","protected":false},"excerpt":{"rendered":"<p>Ci-dessous un article paru dans Ouest France (d\u00e9sol\u00e9 pour la m\u00e9diocrit\u00e9 de la photo). Notre d\u00e9put\u00e9 se dit sensible \u00e0 la qualit\u00e9 de notre type d&rsquo;\u00e9cole, c&rsquo;est toujours bon d&rsquo;enregistrer un soutien suppl\u00e9mentaire dans un contexte d&rsquo;inqui\u00e9tude constante pour le maintien des effectifs. La communication d&rsquo;Herv\u00e9 Pellois en a \u00e9galement rendu compte sur son blog &#8230; <a title=\"Retours sur la visite de Monsieur le D\u00e9put\u00e9 Herv\u00e9 Pellois\" class=\"read-more\" href=\"https:\/\/www.ecole-henri-matisse-damgan.fr\/site\/retours-sur-la-visite-de-monsieur-le-depute-herve-pellois\/\" aria-label=\"En savoir plus sur Retours sur la visite de Monsieur le D\u00e9put\u00e9 Herv\u00e9 Pellois\">Lire la suite<\/a><\/p>\n","protected":false},"author":1,"featured_media":0,"comment_status":"open","ping_status":"open","sticky":false,"template":"","format":"standard","meta":{"jetpack_post_was_ever_published":false,"_jetpack_newsletter_access":"","_jetpack_dont_email_post_to_subs":false,"_jetpack_newsletter_tier_id":0,"_jetpack_memberships_contains_paywalled_content":false,"_jetpack_memberships_contains_paid_content":false,"footnotes":"","jetpack_publicize_message":"","jetpack_publicize_feature_enabled":true,"jetpack_social_post_already_shared":true,"jetpack_social_options":{"image_generator_settings":{"template":"highway","enabled":false},"version":2}},"categories":[9],"tags":[23],"class_list":["post-644","post","type-post","status-publish","format-standard","hentry","category-infos-generales","tag-pellois"],"jetpack_publicize_connections":[],"jetpack_featured_media_url":"","jetpack_shortlink":"https:\/\/wp.me\/p51MjH-ao","jetpack_sharing_enabled":true,"_links":{"self":[{"href":"https:\/\/www.ecole-henri-matisse-damgan.fr\/site\/wp-json\/wp\/v2\/posts\/644","targetHints":{"allow":["GET"]}}],"collection":[{"href":"https:\/\/www.ecole-henri-matisse-damgan.fr\/site\/wp-json\/wp\/v2\/posts"}],"about":[{"href":"https:\/\/www.ecole-henri-matisse-damgan.fr\/site\/wp-json\/wp\/v2\/types\/post"}],"author":[{"embeddable":true,"href":"https:\/\/www.ecole-henri-matisse-damgan.fr\/site\/wp-json\/wp\/v2\/users\/1"}],"replies":[{"embeddable":true,"href":"https:\/\/www.ecole-henri-matisse-damgan.fr\/site\/wp-json\/wp\/v2\/comments?post=644"}],"version-history":[{"count":1,"href":"https:\/\/www.ecole-henri-matisse-damgan.fr\/site\/wp-json\/wp\/v2\/posts\/644\/revisions"}],"predecessor-version":[{"id":647,"href":"https:\/\/www.ecole-henri-matisse-damgan.fr\/site\/wp-json\/wp\/v2\/posts\/644\/revisions\/647"}],"wp:attachment":[{"href":"https:\/\/www.ecole-henri-matisse-damgan.fr\/site\/wp-json\/wp\/v2\/media?parent=644"}],"wp:term":[{"taxonomy":"category","embeddable":true,"href":"https:\/\/www.ecole-henri-matisse-damgan.fr\/site\/wp-json\/wp\/v2\/categories?post=644"},{"taxonomy":"post_tag","embeddable":true,"href":"https:\/\/www.ecole-henri-matisse-damgan.fr\/site\/wp-json\/wp\/v2\/tags?post=644"}],"curies":[{"name":"wp","href":"https:\/\/api.w.org\/{rel}","templated":true}]}}